[{"@context":"https:\/\/schema.org\/","@type":"Article","@id":"https:\/\/www.silvano.cz\/tradicni-vanoce-ve-vidni\/#Article","mainEntityOfPage":"https:\/\/www.silvano.cz\/tradicni-vanoce-ve-vidni\/","headline":"Tradi\u010dn\u00ed V\u00e1noce ve V\u00eddni","name":"Tradi\u010dn\u00ed V\u00e1noce ve V\u00eddni","description":"Hlavn\u00ed m\u011bsto Rakouska se od poloviny listopadu a\u017e do V\u00e1noc zahaluje ka\u017edoro\u010dn\u011b do v\u00e1no\u010dn\u00ed atmosf\u00e9ry. Kouzlo V\u00e1noc je zde patrn\u00e9 t\u00e9m\u011b\u0159 na ka\u017ed\u00e9m rohu. Vzduchem se line p\u0159\u00edjemn\u00e1 v\u016fn\u011b v\u00e1no\u010dn\u00edho cukrov\u00ed, hork\u00e9ho pun\u010de \u010di pra\u017een\u00fdch mandl\u00ed. Slavnost\u00ed n\u00e1ladu do m\u011bsta p\u0159in\u00e1\u0161\u00ed i [&hellip;]","datePublished":"2019-12-16","dateModified":"2023-05-07","author":{"@type":"Person","@id":"https:\/\/www.silvano.cz\/author\/#Person","name":"","url":"https:\/\/www.silvano.cz\/author\/","identifier":1,"image":{"@type":"ImageObject","@id":"https:\/\/secure.gravatar.com\/avatar\/390ba47df5874845ef3762ac16ecd0a67f4e30c13cbb7c7ee444ade303aa885b?s=96&d=mm&r=g","url":"https:\/\/secure.gravatar.com\/avatar\/390ba47df5874845ef3762ac16ecd0a67f4e30c13cbb7c7ee444ade303aa885b?s=96&d=mm&r=g","height":96,"width":96}},"publisher":{"@type":"Organization","name":"silvano.cz","logo":{"@type":"ImageObject","@id":"\/logo.png","url":"\/logo.png","width":600,"height":60}},"image":{"@type":"ImageObject","@id":"https:\/\/www.silvano.cz\/wp-content\/uploads\/img_a362551_w3008_t1575716740.jpg","url":"https:\/\/www.silvano.cz\/wp-content\/uploads\/img_a362551_w3008_t1575716740.jpg","height":0,"width":0},"url":"https:\/\/www.silvano.cz\/tradicni-vanoce-ve-vidni\/","about":["Cestov\u00e1n\u00ed\r"],"wordCount":458,"articleBody":"Hlavn\u00ed m\u011bsto Rakouska se od poloviny listopadu a\u017e do V\u00e1noc zahaluje ka\u017edoro\u010dn\u011b do v\u00e1no\u010dn\u00ed atmosf\u00e9ry. Kouzlo V\u00e1noc je zde patrn\u00e9 t\u00e9m\u011b\u0159 na ka\u017ed\u00e9m rohu. Vzduchem se line p\u0159\u00edjemn\u00e1 v\u016fn\u011b v\u00e1no\u010dn\u00edho cukrov\u00ed, hork\u00e9ho pun\u010de \u010di pra\u017een\u00fdch mandl\u00ed. Slavnost\u00ed n\u00e1ladu do m\u011bsta p\u0159in\u00e1\u0161\u00ed i samotn\u00ed obyvatel\u00e9, kte\u0159\u00ed chystaj\u00ed tradi\u010dn\u00ed trhy, barevn\u00e9 a vkusn\u00e9 osv\u011btlen\u00ed i dekorace.&#13; &#13; N\u00e1m\u011bst\u00ed Rathausplatz se v adventn\u00edm obdob\u00ed zahal\u00ed do v\u00e1no\u010dn\u00ed atmosf\u00e9ry d\u00edky sv\u00fdm 150 prodejn\u00edm st\u00e1nk\u016fm. Ty nab\u00edz\u00ed nejr\u016fzn\u011bj\u0161\u00ed ozdoby, tradi\u010dn\u00ed dekorace, um\u011bleck\u00e9 \u0159emesln\u00e9 v\u00fdrobky, sladkosti, ob\u010derstven\u00ed i r\u016fzn\u00e9 n\u00e1poje na zah\u0159\u00e1t\u00ed. Stromy pod\u00e9l n\u00e1m\u011bst\u00ed i v Radni\u010dn\u00edm parku z\u00e1\u0159\u00ed sv\u011btly a obklopuj\u00ed romantick\u00e9 kluzi\u0161t\u011b, kde si n\u00e1v\u0161t\u011bvn\u00edci mohou zap\u016fj\u010dit brusle a zabruslit si. Ned\u00edlnou sou\u010d\u00e1st\u00ed je majest\u00e1tn\u00ed v\u00e1no\u010dn\u00ed strom a p\u0159ekr\u00e1sn\u00e9 sv\u011bteln\u00e9 instalace v parku. I V\u00e1no\u010dn\u00ed vesni\u010dka na n\u00e1m\u011bst\u00ed Marie Terezie sk\u00fdt\u00e1 na 70 st\u00e1nk\u016f. Tady se m\u016f\u017eete zaposlouchat do v\u00e1no\u010dn\u00edch ch\u00f3r\u016f od \u017eiv\u00fdch sbor\u016f a hudebn\u00edch kapel. V centru m\u011bsta d\u00e1le najdete i Starov\u00edde\u0148sk\u00fd trh ve Freyungu, kter\u00fd se zde konal poprv\u00e9 ji\u017e v roce 1772. V kouzeln\u00fdch st\u00e1nc\u00edch si m\u016f\u017eete koupit v\u00fdrobky kvalitn\u00ed a tradi\u010dn\u00ed \u0159emesln\u00e9 v\u00fdroby, jako jsou sklen\u011bn\u00e9 ozdoby \u010di betl\u00e9my.&#13; &#13; Z\u00e1mek Sch\u00f6nbrunn nab\u00edz\u00ed rovn\u011b\u017e v\u00e1no\u010dn\u00ed trh p\u0159\u00edmo na n\u00e1dvo\u0159\u00ed. St\u00e1v\u00e1 se tak romantickou kulisou pro v\u00e1no\u010dn\u00ed atmosf\u00e9ru. Po V\u00e1noc\u00edch se prom\u011bn\u00ed v trh novoro\u010dn\u00ed. Ka\u017edoro\u010dn\u011b zde m\u016f\u017eete obdivovat p\u011bveck\u00e9 sbory, ru\u010dn\u011b vyr\u00e1b\u011bn\u00e9 \u0159emesln\u00e9 v\u00fdrobky a v\u00e1no\u010dn\u011b ozdoben\u00fd samotn\u00fd z\u00e1mek. P\u016fsobiv\u00e1 barokn\u00ed kulisa n\u00e1v\u0161t\u011bvn\u00edky \u010dek\u00e1 u z\u00e1mku Belved\u00e9r. Z\u00e1meck\u00fd park sk\u00fdt\u00e1 adventn\u00ed trhy s kulin\u00e1\u0159sk\u00fdmi specialitami. Karlovo n\u00e1m\u011bst\u00ed sk\u00fdt\u00e1 rozmanit\u00e9 v\u00e1no\u010dn\u00ed st\u00e1nky a m\u016f\u017eete si sem zaj\u00edt na bohat\u00fd program s instalacemi um\u011bleck\u00fdch d\u011bl. St\u00e1tn\u00ed opera se rovn\u011b\u017e zahalila do v\u00e1no\u010dn\u00ed atmosf\u00e9ry, naleznete u n\u00ed st\u00e1nky s pern\u00ed\u010dky, s\u00fdry, pun\u010dem \u010di sva\u0159en\u00fdm v\u00ednem. Nakonec nezapome\u0148te zav\u00edtat i zimn\u00ed trh k velik\u00e9mu rusk\u00e9mu kolu, kter\u00e9 rozhodn\u011b nep\u0159ehl\u00e9dnete a je z n\u011bj kr\u00e1sn\u00fd v\u00fdhled na v\u00e1no\u010dn\u00ed V\u00edde\u0148.&#13;                                                                                                                                                                                                                                                                                                                                                                                         4.1\/5 - (9 votes)        "},{"@context":"https:\/\/schema.org\/","@type":"BreadcrumbList","itemListElement":[{"@type":"ListItem","position":1,"name":"Tradi\u010dn\u00ed V\u00e1noce ve V\u00eddni","item":"https:\/\/www.silvano.cz\/tradicni-vanoce-ve-vidni\/#breadcrumbitem"}]}]