[{"@context":"https:\/\/schema.org\/","@type":"Article","@id":"https:\/\/www.silvano.cz\/pujcovna-karavanu\/#Article","mainEntityOfPage":"https:\/\/www.silvano.cz\/pujcovna-karavanu\/","headline":"P\u016fj\u010dovna karavan\u016f","name":"P\u016fj\u010dovna karavan\u016f","description":"R\u00e1di byste vyrazili na dovolenou n\u011bkam do p\u0159\u00edrody, do campu, ale nechcete \u201ebydlet\u201c ve stanu? Na\u0161e p\u016fj\u010dovna karavan\u016f v\u00e1m nab\u00edz\u00ed luxusn\u00ed a pln\u011b vybaven\u00e9 karavany, kter\u00e9 jsou za\u0159\u00edzen\u00e9 a\u017e pro 5 osob. A kdy\u017e \u0159\u00edk\u00e1me pln\u011b vybaven\u00e9, mysl\u00edme to v\u00e1\u017en\u011b. Prost\u011b ve\u0161ker\u00e1 [&hellip;]","datePublished":"2025-02-19","dateModified":"2025-02-19","author":{"@type":"Person","@id":"https:\/\/www.silvano.cz\/author\/#Person","name":"","url":"https:\/\/www.silvano.cz\/author\/","identifier":1,"image":{"@type":"ImageObject","@id":"https:\/\/secure.gravatar.com\/avatar\/390ba47df5874845ef3762ac16ecd0a67f4e30c13cbb7c7ee444ade303aa885b?s=96&d=mm&r=g","url":"https:\/\/secure.gravatar.com\/avatar\/390ba47df5874845ef3762ac16ecd0a67f4e30c13cbb7c7ee444ade303aa885b?s=96&d=mm&r=g","height":96,"width":96}},"publisher":{"@type":"Organization","name":"silvano.cz","logo":{"@type":"ImageObject","@id":"\/logo.png","url":"\/logo.png","width":600,"height":60}},"url":"https:\/\/www.silvano.cz\/pujcovna-karavanu\/","wordCount":228,"articleBody":"R\u00e1di byste vyrazili na dovolenou n\u011bkam do p\u0159\u00edrody, do campu, ale nechcete \u201ebydlet\u201c ve stanu? Na\u0161e p\u016fj\u010dovna karavan\u016f v\u00e1m nab\u00edz\u00ed luxusn\u00ed a pln\u011b vybaven\u00e9 karavany, kter\u00e9 jsou za\u0159\u00edzen\u00e9 a\u017e pro 5 osob. A kdy\u017e \u0159\u00edk\u00e1me pln\u011b vybaven\u00e9, mysl\u00edme to v\u00e1\u017en\u011b. Prost\u011b ve\u0161ker\u00e1 v\u00fdbava karavanu v\u010detn\u011b n\u00e1dob\u00ed je ji\u017e v cen\u011b pron\u00e1jmu. Pro\u017eijte b\u00e1je\u010dnou letn\u00ed dovolenou za ka\u017ed\u00e9ho po\u010das\u00ed.Na\u0161e p\u016fj\u010dovna karavan\u016f v\u00e1m nab\u00edz\u00ed \u00fatuln\u00e9 karavany za skv\u011bl\u00fdch podm\u00ednek. Nejen, \u017ee je pln\u00e1 v\u00fdbava karavanu v\u010detn\u011b n\u00e1dob\u00ed zahrnuta do ceny pron\u00e1jmu, ale po va\u0161em n\u00e1vratu z dovolen\u00e9 se nemus\u00edte nam\u00e1hat s myt\u00edm a luxov\u00e1n\u00edm karavanu, proto\u017ee my ho uklid\u00edme za v\u00e1s. A nav\u00edc prvn\u00ed a posledn\u00ed den pron\u00e1jmu karavanu je zdarma. Zkr\u00e1tka, kdy\u017e dovolen\u00e1, tak si j\u00ed u\u017eijte od za\u010d\u00e1tku do konce.Karavan, to je sucho a teplo ze v\u0161ech stran!Nev\u00e1hejte a zarezervujte si karavany, se kter\u00fdmi m\u016f\u017eete vycestovat na letn\u00ed dovolenou, i kdy\u017e pr\u0161\u00ed. P\u0159ij\u010fte si je prohl\u00e9dnout a vyberte si nejlep\u0161\u00ed z nejlep\u0161\u00edch. Na\u0161e p\u016fj\u010dovna karavan\u016f je v\u00e1m k dispozici ka\u017ed\u00fd den.                                                                                                                                                                                                                                                                                                                                                                                        4.4\/5 - (5 votes)        "},{"@context":"https:\/\/schema.org\/","@type":"BreadcrumbList","itemListElement":[{"@type":"ListItem","position":1,"name":"P\u016fj\u010dovna karavan\u016f","item":"https:\/\/www.silvano.cz\/pujcovna-karavanu\/#breadcrumbitem"}]}]