[{"@context":"https:\/\/schema.org\/","@type":"Article","@id":"https:\/\/www.silvano.cz\/misto-nejen-pro-milovniky-prirody\/#Article","mainEntityOfPage":"https:\/\/www.silvano.cz\/misto-nejen-pro-milovniky-prirody\/","headline":"M\u00edsto nejen pro milovn\u00edky p\u0159\u00edrody","name":"M\u00edsto nejen pro milovn\u00edky p\u0159\u00edrody","description":"M\u00e1te r\u00e1di kr\u00e1snou p\u0159\u00edrodu? Jste \u010dlov\u011bk, kter\u00fd se r\u00e1d nad\u00fdch\u00e1 \u010derstv\u00e9ho vzduchu a bude obdivovat hezk\u00e1 m\u00edsta? Jestli\u017ee ano, co kdybyste vyrazili m\u00edsto k mo\u0159i, tak do Alp? M\u016f\u017ee se to zd\u00e1t \u0161\u00edlen\u00e9, ale a\u017e zde budete, p\u0159esv\u011bd\u010d\u00edte se o tom, \u017ee [&hellip;]","datePublished":"2023-08-01","dateModified":"2023-08-01","author":{"@type":"Person","@id":"https:\/\/www.silvano.cz\/author\/#Person","name":"","url":"https:\/\/www.silvano.cz\/author\/","identifier":1,"image":{"@type":"ImageObject","@id":"https:\/\/secure.gravatar.com\/avatar\/390ba47df5874845ef3762ac16ecd0a67f4e30c13cbb7c7ee444ade303aa885b?s=96&d=mm&r=g","url":"https:\/\/secure.gravatar.com\/avatar\/390ba47df5874845ef3762ac16ecd0a67f4e30c13cbb7c7ee444ade303aa885b?s=96&d=mm&r=g","height":96,"width":96}},"publisher":{"@type":"Organization","name":"silvano.cz","logo":{"@type":"ImageObject","@id":"\/logo.png","url":"\/logo.png","width":600,"height":60}},"url":"https:\/\/www.silvano.cz\/misto-nejen-pro-milovniky-prirody\/","wordCount":268,"articleBody":"M\u00e1te r\u00e1di kr\u00e1snou p\u0159\u00edrodu? Jste \u010dlov\u011bk, kter\u00fd se r\u00e1d nad\u00fdch\u00e1 \u010derstv\u00e9ho vzduchu a bude obdivovat hezk\u00e1 m\u00edsta? Jestli\u017ee ano, co kdybyste vyrazili m\u00edsto k mo\u0159i, tak do Alp? M\u016f\u017ee se to zd\u00e1t \u0161\u00edlen\u00e9, ale a\u017e zde budete, p\u0159esv\u011bd\u010d\u00edte se o tom, \u017ee jste ud\u011blali dobr\u00e9 rozhodnut\u00ed. Pokud jste se ji\u017e rozhodli a te\u010f hled\u00e1te ubytov\u00e1n\u00ed, pak se m\u016f\u017eete spolehnout na n\u00e1s. Proto\u017ee je \u010desk\u00fd penzion v Alp\u00e1ch velmi obl\u00edben\u00fd, nebude probl\u00e9m naj\u00edt zde m\u00edsto i pro v\u00e1s. Cen\u00edme si ka\u017ed\u00e9ho hosta, kter\u00fd k n\u00e1m p\u0159ijede, a tak vyu\u017eijte skv\u011blou polohu na\u0161eho penzionu a p\u0159ije\u010fte za n\u00e1mi, r\u00e1di v\u00e1s uv\u00edt\u00e1me a nab\u00eddneme v\u00e1m v\u0161e, co byste si k p\u0159\u00edjemn\u00e9mu pobytu mohli p\u0159\u00e1t.Ve\u0161ker\u00e9 slu\u017eby za skv\u011bl\u00e9 cenyN\u011bkdo se ale boj\u00ed toho, kolik bude v hor\u00e1ch st\u00e1t samotn\u00e9 ubytov\u00e1n\u00ed. N\u011bkdo to m\u016f\u017ee b\u00fdt velmi hodn\u011b, ale u n\u00e1s to neplat\u00ed. Proto\u017ee v\u00edme, \u017ee \u010de\u0161t\u00ed turist\u00e9 maj\u00ed r\u00e1di n\u00edzk\u00e9 ceny, sna\u017e\u00edme se tomu p\u0159izp\u016fsobit. Proto u n\u00e1s najdete dostupn\u00e9 pokoje, kter\u00fdmi nepohrne ani n\u00e1ro\u010dn\u00fd host. D\u00edky tomu se nem\u00e1te \u010deho b\u00e1t. Nab\u00eddneme v\u00e1m komfort, pohodl\u00ed a hlavn\u011b skv\u011bl\u00e9 m\u00edsto, ze kter\u00e9ho m\u016f\u017eete poznat kr\u00e1sn\u00e9 hory.                                                                                                                                                                                                                                                                                                                                                                                        4.4\/5 - (7 votes)        "},{"@context":"https:\/\/schema.org\/","@type":"BreadcrumbList","itemListElement":[{"@type":"ListItem","position":1,"name":"M\u00edsto nejen pro milovn\u00edky p\u0159\u00edrody","item":"https:\/\/www.silvano.cz\/misto-nejen-pro-milovniky-prirody\/#breadcrumbitem"}]}]