[{"@context":"https:\/\/schema.org\/","@type":"Article","@id":"https:\/\/www.silvano.cz\/jezdi-cela-rodina\/#Article","mainEntityOfPage":"https:\/\/www.silvano.cz\/jezdi-cela-rodina\/","headline":"Jezd\u00ed cel\u00e1 rodina","name":"Jezd\u00ed cel\u00e1 rodina","description":"Jezd\u00edte r\u00e1di na kole? Tak to ur\u010dit\u011b oce\u0148ujete cyklistick\u00e9 kalhoty. Jen\u017ee p\u0159iznejme si, dojedeme n\u011bkam na kole a chceme se tam proj\u00edt, nap\u0159. dojedeme k z\u00e1mku, hradu, ale i do ciz\u00edho m\u011bsta a chceme si ho prohl\u00e9dnout p\u011b\u0161ky. A chodit po m\u011bst\u011b [&hellip;]","datePublished":"2022-02-09","dateModified":"2023-05-07","author":{"@type":"Person","@id":"https:\/\/www.silvano.cz\/author\/#Person","name":"","url":"https:\/\/www.silvano.cz\/author\/","identifier":1,"image":{"@type":"ImageObject","@id":"https:\/\/secure.gravatar.com\/avatar\/390ba47df5874845ef3762ac16ecd0a67f4e30c13cbb7c7ee444ade303aa885b?s=96&d=mm&r=g","url":"https:\/\/secure.gravatar.com\/avatar\/390ba47df5874845ef3762ac16ecd0a67f4e30c13cbb7c7ee444ade303aa885b?s=96&d=mm&r=g","height":96,"width":96}},"publisher":{"@type":"Organization","name":"silvano.cz","logo":{"@type":"ImageObject","@id":"\/logo.png","url":"\/logo.png","width":600,"height":60}},"image":{"@type":"ImageObject","@id":"https:\/\/www.silvano.cz\/wp-content\/uploads\/field-gc07da3ba3_640.jpg","url":"https:\/\/www.silvano.cz\/wp-content\/uploads\/field-gc07da3ba3_640.jpg","height":0,"width":0},"url":"https:\/\/www.silvano.cz\/jezdi-cela-rodina\/","about":["Produkty"],"wordCount":417,"articleBody":"      Jezd\u00edte r\u00e1di na kole? Tak to ur\u010dit\u011b oce\u0148ujete cyklistick\u00e9 kalhoty. Jen\u017ee p\u0159iznejme si, dojedeme n\u011bkam na kole a chceme se tam proj\u00edt, nap\u0159. dojedeme k z\u00e1mku, hradu, ale i do ciz\u00edho m\u011bsta a chceme si ho prohl\u00e9dnout p\u011b\u0161ky. A chodit po m\u011bst\u011b v klasick\u00e9m upnut\u00e9m cyklodresu, p\u0159ipadali bychom si divn\u011b. Pro u\u017e \u0159ada z n\u00e1s vol\u00ed cyklokra\u0165asy, kter\u00e9 navenek vypadaj\u00ed jako b\u011b\u017en\u00e9 kra\u0165asy, ale uvnit\u0159 maj\u00ed onu cyklovycp\u00e1vku. I \u0159ada \u017een u\u017e objevila cyklosukn\u011b, kter\u00e9 jsou velmi slu\u0161iv\u00e9.Pokud jste milovn\u00edkem MTB, ur\u010dit\u011b ocen\u00edte, \u017ee jsou v prodeji kalhoty C-store.cz p\u0159\u00edmo pro v\u00e1s. Voln\u00e9, ale dole z\u00fa\u017een\u00e9, aby nep\u0159ek\u00e1\u017eely p\u0159i \u0161lap\u00e1n\u00ed, odoln\u00e9 v\u011btru a \u010d\u00e1ste\u010dn\u011b vod\u011b, abyste si mohli vychutnat j\u00edzdu za jak\u00e9hokoliv po\u010das\u00ed.Mo\u017en\u00e1 si \u0159\u00edk\u00e1te, \u017ee na kolo vyjedete tak jednou za m\u011bs\u00edc, a proto je pro v\u00e1s cyklodres zbyte\u010dn\u00e9. M\u00fdl\u00edte se, pr\u00e1v\u011b pro va\u0161e pozad\u00ed bude cyklodres to pravou ochranou. Ka\u017ed\u00fd cyklista v\u00e1m potvrd\u00ed, \u017ee prvn\u00ed t\u0159i vyj\u00ed\u017e\u010fky na ja\u0159e, po zimn\u00edm klidu, jsou pro pozad\u00ed cyklisty ob\u010das opravdov\u00fdm utrpen\u00edm. Kalhoty s vycp\u00e1vkou ur\u010dit\u011b ocen\u00edte. A pro opravdu aktivn\u00ed cyklisty doporu\u010dujeme pou\u017e\u00edvat i speci\u00e1ln\u00ed pudry. Ano, \u010dtete spr\u00e1vn\u011b, nejen citliv\u00e1 poko\u017eka miminka vy\u017eaduje p\u00e9\u010di, ale i citliv\u00e1 m\u00edsta cyklist\u016f si zaslou\u017e\u00ed pozornost a cyklistick\u00e9 pudry, kter\u00e9 udr\u017euj\u00ed suchou poko\u017eku a zklid\u0148uj\u00ed ji, je t\u00edm spr\u00e1vn\u00fdm \u0159e\u0161en\u00edm. Pokud s t\u00edmto m\u00e1te probl\u00e9m, ur\u010dit\u011b vyzkou\u0161ejte pudr.V \u010cesk\u00e9 republice se st\u00e1le roz\u0161i\u0159uje s\u00ed\u0165 cyklostezek a v\u011bt\u0161ina ly\u017ea\u0159sk\u00fdch are\u00e1l\u016f se na l\u00e9to m\u011bn\u00ed v singltreky pro cyklisty. Nen\u00ed proto divu, \u017ee cyklistika je jedn\u00edm z nejroz\u0161\u00ed\u0159en\u011bj\u0161\u00edch sportovn\u00edch aktivit nejen jednotlivc\u016f, ale i cel\u00fdch rodin. Je to nen\u00e1ro\u010dn\u00fd sport, kter\u00fd se d\u00e1 provozovat na mnoha \u00farovn\u00edch a jezdit na kole se nau\u010d\u00ed opravdu ka\u017ed\u00fd. M\u016f\u017eete m\u00edt i nadv\u00e1hu a kolo v\u00e1s p\u0159em\u00edst\u00ed z m\u00edsta na m\u00edsto a pro v\u00e1s je to i m\u00e9n\u011b nam\u00e1hav\u00e9 ne\u017e ch\u016fze. Kolo je zkr\u00e1tka prima.                                                                                                                                                                                                                                                                                                                                                                                          4\/5 - (5 votes)        "},{"@context":"https:\/\/schema.org\/","@type":"BreadcrumbList","itemListElement":[{"@type":"ListItem","position":1,"name":"Jezd\u00ed cel\u00e1 rodina","item":"https:\/\/www.silvano.cz\/jezdi-cela-rodina\/#breadcrumbitem"}]}]