[{"@context":"https:\/\/schema.org\/","@type":"Article","@id":"https:\/\/www.silvano.cz\/do-leta-o-dve-velikosti-mene\/#Article","mainEntityOfPage":"https:\/\/www.silvano.cz\/do-leta-o-dve-velikosti-mene\/","headline":"Do l\u00e9ta o dv\u011b velikosti m\u00e9n\u011b","name":"Do l\u00e9ta o dv\u011b velikosti m\u00e9n\u011b","description":"Bl\u00ed\u017e\u00ed se doba, kdy obl\u00e9k\u00e1me kr\u00e1tk\u00e1 trika, \u0161ortky, sukn\u011b a letn\u00ed \u0161aty. Velmi tepl\u00e9 po\u010das\u00ed znamen\u00e1 zm\u011bnu na\u0161eho \u0161atn\u00edku, ale tak\u00e9 to znamen\u00e1 oble\u010den\u00ed, kter\u00e9 nic nezakryje. Proto se v tomto obdob\u00ed pou\u0161t\u00edme do nejv\u011bt\u0161\u00edho po\u010dtu dietn\u00edch re\u017eim\u016f, omezujeme p\u0159\u00edsun kalori\u00ed a [&hellip;]","datePublished":"2018-05-12","dateModified":"2023-09-11","author":{"@type":"Person","@id":"https:\/\/www.silvano.cz\/author\/#Person","name":"","url":"https:\/\/www.silvano.cz\/author\/","identifier":1,"image":{"@type":"ImageObject","@id":"https:\/\/secure.gravatar.com\/avatar\/390ba47df5874845ef3762ac16ecd0a67f4e30c13cbb7c7ee444ade303aa885b?s=96&d=mm&r=g","url":"https:\/\/secure.gravatar.com\/avatar\/390ba47df5874845ef3762ac16ecd0a67f4e30c13cbb7c7ee444ade303aa885b?s=96&d=mm&r=g","height":96,"width":96}},"publisher":{"@type":"Organization","name":"silvano.cz","logo":{"@type":"ImageObject","@id":"\/logo.png","url":"\/logo.png","width":600,"height":60}},"image":{"@type":"ImageObject","@id":"https:\/\/www.silvano.cz\/wp-content\/uploads\/img_a317533_w2240_t1528272624.jpg","url":"https:\/\/www.silvano.cz\/wp-content\/uploads\/img_a317533_w2240_t1528272624.jpg","height":0,"width":0},"url":"https:\/\/www.silvano.cz\/do-leta-o-dve-velikosti-mene\/","about":["Dovolen\u00e1"],"wordCount":398,"articleBody":"          Bl\u00ed\u017e\u00ed se doba, kdy obl\u00e9k\u00e1me kr\u00e1tk\u00e1 trika, \u0161ortky, sukn\u011b a letn\u00ed \u0161aty. Velmi tepl\u00e9 po\u010das\u00ed znamen\u00e1 zm\u011bnu na\u0161eho \u0161atn\u00edku, ale tak\u00e9 to znamen\u00e1 oble\u010den\u00ed, kter\u00e9 nic nezakryje. Proto se v tomto obdob\u00ed pou\u0161t\u00edme do nejv\u011bt\u0161\u00edho po\u010dtu dietn\u00edch re\u017eim\u016f, omezujeme p\u0159\u00edsun kalori\u00ed a aktivn\u011b sportujeme. P\u0159esto se n\u00e1m neda\u0159\u00ed zhubnout v\u00edce ne\u017e p\u00e1r kilogram\u016f. My ale chceme v\u00fdsledek, na kter\u00fd budeme py\u0161n\u00ed. A to za p\u00e1r kr\u00e1tk\u00fdch t\u00fddn\u016f. S\u00e1hn\u011bte po aktivn\u00edm pomocn\u00edkovi .Spr\u00e1vn\u00fd re\u017eim Aby bylo va\u0161e hubnut\u00ed co mo\u017en\u00e1 nej\u00fa\u010dinn\u011bj\u0161\u00ed, je t\u0159eba dr\u017eet se n\u011bkolika z\u00e1kladn\u00edch pravidel. T\u00edm prvn\u00edm je pravidelnost. Pravidelnost ve strav\u011b, pravidelnost ve cvi\u010den\u00ed. Velmi d\u016fle\u017eit\u00e9 je nevynech\u00e1vat sn\u00eddani a ve\u010de\u0159i si dop\u0159\u00e1t dv\u011b hodiny p\u0159ed span\u00edm. Sportovn\u00ed aktivity za\u0159azujte postupn\u011b, nejlep\u0161\u00ed za\u010d\u00e1tek je b\u011b\u017en\u00e1 ch\u016fze nebo plav\u00e1n\u00ed. Postupn\u011b m\u016f\u017eete p\u0159id\u00e1vat na n\u00e1ro\u010dnosti. A jak z\u00edskat tu spr\u00e1vnou motivaci? P\u0159eci tak, \u017ee uvid\u00edte v\u00fdsledky sv\u00e9ho sna\u017een\u00ed co mo\u017en\u00e1 nejd\u0159\u00edve. V tom v\u00e1m m\u016f\u017ee pomoci prov\u011b\u0159en\u00fd prepar\u00e1t, kter\u00fd u\u017e pomohl k vysn\u011bn\u00e9 v\u00e1ze mnoha tis\u00edc\u016fm u\u017eivatel\u016f p\u0159ed v\u00e1mi.Jak funguje? Jedn\u00e1 se o prepar\u00e1t, kter\u00fd je mezi u\u017eivateli nejobl\u00edben\u011bj\u0161\u00ed, pokud cht\u011bj\u00ed rychle dos\u00e1hnout \u00fabytku kilogram\u016f. D\u00edky \u00fa\u010dinn\u00fdm l\u00e1tk\u00e1m nebudete poci\u0165ovat chu\u0165 k j\u00eddlu a kalorie se budou mnohem rychleji spalovat. V\u00fdsledky sna\u017een\u00ed uvid\u00edte ne za n\u011bkolik t\u00fddn\u016f, ale ji\u017e po p\u00e1r dnech. Opust\u00ed v\u00e1s nejen kilogramy a tukov\u00e9 pol\u0161t\u00e1\u0159e, ale zejm\u00e9na centimetry. Sn\u00ed\u017e\u00edte sv\u016fj objem na mnoha problematick\u00fdch m\u00edstech a d\u00edky tomu budete moci velmi brzy obl\u00e9kat nov\u00e9 oble\u010den\u00ed v mnohem men\u0161\u00ed velikosti. Prepar\u00e1t je stoprocentn\u011b p\u0159\u00edrodn\u00ed, a proto se nemus\u00edte ob\u00e1vat \u017e\u00e1dn\u00fdch vedlej\u0161\u00edch \u00fa\u010dink\u016f. Objednejte si jej co nejd\u0159\u00edve, abyste se brzy mohli vypravit na n\u00e1kup t\u011bch nejkr\u00e1sn\u011bj\u0161\u00edch plavek! A budou mnohem men\u0161\u00ed ne\u017e va\u0161e st\u00e1vaj\u00edc\u00ed!                                                                                                                                                                                                                                                                                                                                                                                          4.2\/5 - (12 votes)        "},{"@context":"https:\/\/schema.org\/","@type":"BreadcrumbList","itemListElement":[{"@type":"ListItem","position":1,"name":"Do l\u00e9ta o dv\u011b velikosti m\u00e9n\u011b","item":"https:\/\/www.silvano.cz\/do-leta-o-dve-velikosti-mene\/#breadcrumbitem"}]}]