[{"@context":"https:\/\/schema.org\/","@type":"Article","@id":"https:\/\/www.silvano.cz\/dbate-dostatecne-na-svuj-vzhled\/#Article","mainEntityOfPage":"https:\/\/www.silvano.cz\/dbate-dostatecne-na-svuj-vzhled\/","headline":"Db\u00e1te dostate\u010dn\u011b na sv\u016fj vzhled?","name":"Db\u00e1te dostate\u010dn\u011b na sv\u016fj vzhled?","description":"Tak\u00e9 se n\u011bkdy nesta\u010d\u00edte divit, v jak\u00e9m oble\u010den\u00ed jsou lid\u00e9 schopn\u00ed vyj\u00edt na ulici mezi ostatn\u00ed lidi? Nech\u00e1pete, jak m\u016f\u017ee b\u00fdt n\u011bkomu jedno, \u017ee je jeho oble\u010den\u00ed \u0161pinav\u00e9 a roztrhan\u00e9, \u017ee na hlav\u011b m\u00e1 n\u011bco, co p\u0159ipom\u00edn\u00e1 mastn\u00e9 vrab\u010d\u00ed hn\u00edzdo, zkr\u00e1tka \u017ee [&hellip;]","datePublished":"2018-01-23","dateModified":"2023-05-07","author":{"@type":"Person","@id":"https:\/\/www.silvano.cz\/author\/#Person","name":"","url":"https:\/\/www.silvano.cz\/author\/","identifier":1,"image":{"@type":"ImageObject","@id":"https:\/\/secure.gravatar.com\/avatar\/390ba47df5874845ef3762ac16ecd0a67f4e30c13cbb7c7ee444ade303aa885b?s=96&d=mm&r=g","url":"https:\/\/secure.gravatar.com\/avatar\/390ba47df5874845ef3762ac16ecd0a67f4e30c13cbb7c7ee444ade303aa885b?s=96&d=mm&r=g","height":96,"width":96}},"publisher":{"@type":"Organization","name":"silvano.cz","logo":{"@type":"ImageObject","@id":"\/logo.png","url":"\/logo.png","width":600,"height":60}},"image":{"@type":"ImageObject","@id":"https:\/\/www.silvano.cz\/wp-content\/uploads\/img_a310915_w1938_t1521837108.jpg","url":"https:\/\/www.silvano.cz\/wp-content\/uploads\/img_a310915_w1938_t1521837108.jpg","height":0,"width":0},"url":"https:\/\/www.silvano.cz\/dbate-dostatecne-na-svuj-vzhled\/","about":["Produkty"],"wordCount":568,"articleBody":"Tak\u00e9 se n\u011bkdy nesta\u010d\u00edte divit, v jak\u00e9m oble\u010den\u00ed jsou lid\u00e9 schopn\u00ed vyj\u00edt na ulici mezi ostatn\u00ed lidi? Nech\u00e1pete, jak m\u016f\u017ee b\u00fdt n\u011bkomu jedno, \u017ee je jeho oble\u010den\u00ed \u0161pinav\u00e9 a roztrhan\u00e9, \u017ee na hlav\u011b m\u00e1 n\u011bco, co p\u0159ipom\u00edn\u00e1 mastn\u00e9 vrab\u010d\u00ed hn\u00edzdo, zkr\u00e1tka \u017ee s klidem do sv\u011bta vys\u00edl\u00e1 jasn\u00fd vzkaz, je mi \u00fapln\u011b jedno, co si o m\u011b budete myslet, mn\u011b na vzhledu nez\u00e1le\u017e\u00ed. Samoz\u0159ejm\u011b jsou na sv\u011bt\u011b d\u016fle\u017eit\u011bj\u0161\u00ed v\u011bci ne\u017e to jak vypad\u00e1me, na druhou stranu pokud chceme do sv\u011bta vyslat zpr\u00e1vu, \u017ee v\u016fbec stoj\u00edme za pov\u0161imnut\u00ed, m\u011bli bychom n\u011bjak vypadat.&#13; &#13; Upraven\u00fd vzhled b\u00fdval je\u0161t\u011b v dob\u00e1ch ne p\u0159\u00edli\u0161 d\u00e1vn\u00fdch n\u011b\u010d\u00edm naprosto samoz\u0159ejm\u00fdm, \u017eeny ani mu\u017ei by si nedovolili vyj\u00edt na ulici jako drbani. A\u0165 chceme nebo ne, prvn\u00ed dojem v\u017edy zanech\u00e1 v ostatn\u00edch lidech n\u011bjakou stopu. A ze v\u0161ech smysl\u016f je to pr\u00e1v\u011b zrak, kter\u00fd hraje p\u0159i prvn\u00edm dojmu tu nejhlavn\u011bj\u0161\u00ed roli! Proto bychom m\u011bli na sv\u016fj vzhled db\u00e1t. Pokud se sami sob\u011b budete l\u00edbit, uvid\u00edte, \u017ee i Va\u0161e chov\u00e1n\u00ed a n\u00e1lada se t\u00edm zm\u011bn\u00ed a tud\u00ed\u017e se zm\u011bn\u00ed chov\u00e1n\u00ed ostatn\u00edch k v\u00e1m!&#13; \u00b7 Vlasy&#13; Vyberte si takov\u00fd \u00fa\u010des, kter\u00fd bude nejl\u00e9pe korespondovat s Va\u0161\u00edm \u017eivotn\u00edm stylem. Pokud v\u00edte, \u017ee m\u00e1te jen velmi omezen\u00e9 mno\u017estv\u00ed \u010dasu, kter\u00e9 jejich \u00faprav\u011b m\u016f\u017eete v\u011bnovat, volte \u00fa\u010des, se kter\u00fdm budete m\u00edt m\u00e1lo pr\u00e1ce, ale z\u00e1rove\u0148 budete v\u017edy vypadat upraven\u011b.&#13; &#13; \u00b7 Nehty&#13; Mu\u017ei i \u017eeny by m\u011bli m\u00edt nehty v\u017edy upraven\u00e9, to znamen\u00e1 tak akor\u00e1t dlouh\u00e9 a samoz\u0159ejm\u011b \u010dist\u00e9. \u017deny, kter\u00e9 d\u00e1vaj\u00ed p\u0159ed p\u0159irozen\u00fdm vzhledem neht\u016f p\u0159ednost barevn\u00fdm lak\u016fm, by m\u011bly db\u00e1t na to, aby jejich nalakovan\u00e9 nehty vypadaly perfektn\u011b. Proto\u017ee ne\u017e m\u00edt opr\u00fdskan\u00e9 a oloupan\u00e9 kousky laku na nehtech je lep\u0161\u00ed m\u00edt nehty nenalakovan\u00e9. A \u010d\u00edm v\u00fdrazn\u011bj\u0161\u00ed barvu laku vol\u00ed, t\u00edm striktn\u011bji by se tohoto pravidla m\u011bly dr\u017eet! Nejen v letn\u00edch m\u011bs\u00edc\u00edch si nechte z\u00e1le\u017eet i na pedik\u00fa\u0159e. Proto\u017ee chcete-li sv\u00e9 nohy vystavovat v sand\u00e1lech, m\u011bly byste m\u00edt co vystavovat!&#13; \u00b7 Zuby&#13; V tomto p\u0159\u00edpad\u011b je ide\u00e1l jasn\u00fd: zdrav\u00e9, rovn\u00e9 a b\u00edl\u00e9 zuby a k tomu navrch sv\u011b\u017e\u00ed dech. \u010c\u00edm v\u00edce se tomuto ide\u00e1lu p\u0159ibl\u00ed\u017e\u00edte, t\u00edm l\u00e9pe. Sta\u010d\u00ed, kdy\u017e budete sv\u00e9 \u00fastn\u00ed hygien\u011b v\u011bnovat dostate\u010dnou pozornost, \u010das a ur\u010dit\u00fd finan\u010dn\u00ed obnos spojen\u00fd nap\u0159\u00edklad s n\u00e1v\u0161t\u011bvou dent\u00e1ln\u00ed hygieny.&#13; \u00b7 Parf\u00e9m&#13; P\u0159es den volte parf\u00e9my sp\u00ed\u0161e jemn\u011bj\u0161\u00edch v\u016fni, sami jist\u011b v\u00edte, jak je nep\u0159\u00edjemn\u00e9, kdy\u017e d\u0159\u00edv ne\u017e n\u011bkdo vejde do m\u00edstnosti, vy u\u017e c\u00edt\u00edte jeho siln\u00fd parf\u00e9m. Je lep\u0161\u00ed s parf\u00e9mem \u0161et\u0159it, ne\u017e to p\u0159eh\u00e1n\u011bt. Pro ve\u010dern\u00ed p\u0159\u00edle\u017eitosti m\u016f\u017eete s\u00e1hnout po v\u00fdrazn\u011bj\u0161\u00edch v\u016fn\u00edch, ale i zde plat\u00ed v\u0161eho s m\u00edrou.&#13; &#13;                                                                                                                                                                                                                                                                                                                                                                                         3.8\/5 - (5 votes)        "},{"@context":"https:\/\/schema.org\/","@type":"BreadcrumbList","itemListElement":[{"@type":"ListItem","position":1,"name":"Db\u00e1te dostate\u010dn\u011b na sv\u016fj vzhled?","item":"https:\/\/www.silvano.cz\/dbate-dostatecne-na-svuj-vzhled\/#breadcrumbitem"}]}]