[{"@context":"https:\/\/schema.org\/","@type":"Article","@id":"https:\/\/www.silvano.cz\/chteli-byste-si-poridit-nova-okna\/#Article","mainEntityOfPage":"https:\/\/www.silvano.cz\/chteli-byste-si-poridit-nova-okna\/","headline":"Cht\u011bli byste si po\u0159\u00eddit nov\u00e1 okna?","name":"Cht\u011bli byste si po\u0159\u00eddit nov\u00e1 okna?","description":"D\u0159ev\u011bn\u00e1 okna Cht\u011bli byste si po\u0159\u00eddit nov\u00e1 okna, ale plastov\u00e1 se V\u00e1m nel\u00edb\u00ed? Pak jsou tu pro V\u00e1s d\u0159ev\u011bn\u00e1 okna. M\u016f\u017eete se t\u011b\u0161it na stejn\u011b dobr\u00e9 izola\u010dn\u00ed vlastnosti jako u oken plastov\u00fdch, ale nav\u00edc budou Va\u0161e okna vypadat p\u0159irozen\u011b a nezbarv\u00ed se [&hellip;]","datePublished":"2025-02-13","dateModified":"2025-02-13","author":{"@type":"Person","@id":"https:\/\/www.silvano.cz\/author\/#Person","name":"","url":"https:\/\/www.silvano.cz\/author\/","identifier":1,"image":{"@type":"ImageObject","@id":"https:\/\/secure.gravatar.com\/avatar\/390ba47df5874845ef3762ac16ecd0a67f4e30c13cbb7c7ee444ade303aa885b?s=96&d=mm&r=g","url":"https:\/\/secure.gravatar.com\/avatar\/390ba47df5874845ef3762ac16ecd0a67f4e30c13cbb7c7ee444ade303aa885b?s=96&d=mm&r=g","height":96,"width":96}},"publisher":{"@type":"Organization","name":"silvano.cz","logo":{"@type":"ImageObject","@id":"\/logo.png","url":"\/logo.png","width":600,"height":60}},"url":"https:\/\/www.silvano.cz\/chteli-byste-si-poridit-nova-okna\/","wordCount":185,"articleBody":" D\u0159ev\u011bn\u00e1 okna Cht\u011bli byste si po\u0159\u00eddit nov\u00e1 okna, ale plastov\u00e1 se V\u00e1m nel\u00edb\u00ed? Pak jsou tu pro V\u00e1s d\u0159ev\u011bn\u00e1 okna. M\u016f\u017eete se t\u011b\u0161it na stejn\u011b dobr\u00e9 izola\u010dn\u00ed vlastnosti jako u oken plastov\u00fdch, ale nav\u00edc budou Va\u0161e okna vypadat p\u0159irozen\u011b a nezbarv\u00ed se \u010dasem. D\u0159ev\u011bn\u00e1 okna Jak\u00e9 jsou dal\u0161\u00ed v\u00fdhody d\u0159ev\u011bn\u00fdch oken? Jist\u011b uv\u00edt\u00e1te jejich bez\u00fadr\u017ebovost a to d\u00edky hlin\u00edkov\u00e9mu opl\u00e1\u0161t\u011bn\u00ed, kter\u00e9 chr\u00e1n\u00ed okna p\u0159ed venkovn\u00edmi vlivy. Do budoucna tedy zapome\u0148te na opalov\u00e1n\u00ed a lakov\u00e1n\u00ed oken. Dal\u0161\u00ed v\u00fdhodou je podstatn\u011b del\u0161\u00ed \u017eivotnost, ne\u017e nab\u00edzej\u00ed okna plastov\u00e1. D\u0159ev\u011bn\u00e1 okna jsou to prav\u00e9 pro V\u00e1\u0161 rodinn\u00fd d\u016fm. \u010cesk\u00fd v\u00fdrobce D\u0159ev\u011bn\u00e1 okna en nenab\u00edz\u00edme, ale sami je vyr\u00e1b\u00edme. M\u016f\u017eete se t\u011b\u0161it na vysokou kvalitu, na kter\u00e9 si zakl\u00e1d\u00e1me. Okna vyrob\u00edme, p\u0159ivezeme, namontujeme a je\u0161t\u011b na n\u011b poskytneme nadstandardn\u00ed z\u00e1ruku 5 let.                                                                                                                                                                                                                                                                                                                                                                                        5\/5 - (2 votes)        "},{"@context":"https:\/\/schema.org\/","@type":"BreadcrumbList","itemListElement":[{"@type":"ListItem","position":1,"name":"Cht\u011bli byste si po\u0159\u00eddit nov\u00e1 okna?","item":"https:\/\/www.silvano.cz\/chteli-byste-si-poridit-nova-okna\/#breadcrumbitem"}]}]