[{"@context":"https:\/\/schema.org\/","@type":"Article","@id":"https:\/\/www.silvano.cz\/abychom-mohli-byt-v-praci-v-klidu\/#Article","mainEntityOfPage":"https:\/\/www.silvano.cz\/abychom-mohli-byt-v-praci-v-klidu\/","headline":"Abychom mohli b\u00fdt v pr\u00e1ci v klidu","name":"Abychom mohli b\u00fdt v pr\u00e1ci v klidu","description":"&#13; Lid\u00e9 u n\u00e1s chod\u00ed do pr\u00e1ce v\u011bt\u0161inou na \u0159\u00e1dov\u011b osmihodinov\u00e9 \u0161ichty, ov\u0161em v\u00fdjimkou nen\u00ed ani o dost del\u0161\u00ed pracovn\u00ed doba. A proto\u017ee jsou i zam\u011bstnanci lidmi, mus\u00ed nezbytn\u011b j\u00edst, p\u00edt a pot\u00e9 tak\u00e9 vym\u011b\u0161ovat. &#13; &#13; A kdo u\u017e to n\u011bkdy [&hellip;]","datePublished":"2019-03-15","dateModified":"2023-05-07","author":{"@type":"Person","@id":"https:\/\/www.silvano.cz\/author\/#Person","name":"","url":"https:\/\/www.silvano.cz\/author\/","identifier":1,"image":{"@type":"ImageObject","@id":"https:\/\/secure.gravatar.com\/avatar\/390ba47df5874845ef3762ac16ecd0a67f4e30c13cbb7c7ee444ade303aa885b?s=96&d=mm&r=g","url":"https:\/\/secure.gravatar.com\/avatar\/390ba47df5874845ef3762ac16ecd0a67f4e30c13cbb7c7ee444ade303aa885b?s=96&d=mm&r=g","height":96,"width":96}},"publisher":{"@type":"Organization","name":"silvano.cz","logo":{"@type":"ImageObject","@id":"\/logo.png","url":"\/logo.png","width":600,"height":60}},"image":{"@type":"ImageObject","@id":"https:\/\/www.silvano.cz\/wp-content\/uploads\/img_a340552_w2327_t1553511530.jpg","url":"https:\/\/www.silvano.cz\/wp-content\/uploads\/img_a340552_w2327_t1553511530.jpg","height":0,"width":0},"url":"https:\/\/www.silvano.cz\/abychom-mohli-byt-v-praci-v-klidu\/","about":["Business"],"wordCount":542,"articleBody":"&#13; Lid\u00e9 u n\u00e1s chod\u00ed do pr\u00e1ce v\u011bt\u0161inou na \u0159\u00e1dov\u011b osmihodinov\u00e9 \u0161ichty, ov\u0161em v\u00fdjimkou nen\u00ed ani o dost del\u0161\u00ed pracovn\u00ed doba. A proto\u017ee jsou i zam\u011bstnanci lidmi, mus\u00ed nezbytn\u011b j\u00edst, p\u00edt a pot\u00e9 tak\u00e9 vym\u011b\u0161ovat.&#13; &#13; A kdo u\u017e to n\u011bkdy za\u017eil, dok\u00e1\u017ee si jist\u011b p\u0159edstavit, jak neproduktivn\u00ed by byli takov\u00ed zam\u011bstnanci ve chv\u00edli, kdy by se kroutili, sv\u00edjeli a se zoufal\u00fdm v\u00fdrazem a o\u010dima navrch hlavy jenom sledovali na hodink\u00e1ch, kolik \u010dasu je d\u011bl\u00ed od konce pracovn\u00ed doby a tud\u00ed\u017e opu\u0161t\u011bn\u00ed pracovi\u0161t\u011b, kdy budou moci hupnout do nejbli\u017e\u0161\u00edho k\u0159ov\u00ed \u010di ml\u00e1z\u00ed nebo kamkoliv jinam do \u00fastran\u00ed. A jak by se na takov\u00e9m pracovi\u0161ti c\u00edtili ti, kdo u\u017e to n\u011bkdy d\u0159\u00edve po celou pracovn\u00ed dobu nevydr\u017eeli a m\u011bli \u201anehodu\u2018.&#13; &#13; &#13; Na ka\u017ed\u00e9m pracovi\u0161ti je tak zapot\u0159eb\u00ed krom\u011b stroj\u016f, kancel\u00e1\u0159sk\u00fdch stol\u016f a \u017eidl\u00ed, n\u00e1\u0159ad\u00ed a dal\u0161\u00edch v\u011bc\u00ed, je\u017e jsou tam pro vykon\u00e1v\u00e1n\u00ed \u010dinnost\u00ed zvan\u00fdch pr\u00e1ce nezbytn\u00e9, i m\u00edstn\u016fstek zvan\u00fdch soci\u00e1ln\u00ed za\u0159\u00edzen\u00ed. T\u011bch existuj\u00ed, z nich\u017e m\u016f\u017ee ka\u017ed\u00fd zam\u011bstnavatel volit to nejl\u00e9pe vyhovuj\u00edc\u00ed jak jemu samotn\u00e9mu, tak i (a dost mo\u017en\u00e1 p\u0159edev\u0161\u00edm) jeho zam\u011bstnanc\u016fm.&#13; &#13; Co\u017e znamen\u00e1 mimo v\u0161em notoricky zn\u00e1m\u00e9ho minim\u00e1ln\u00edho vybaven\u00ed nejl\u00e9pe i n\u011bco nav\u00edc. Proto\u017ee z\u00e1le\u017e\u00ed-li zam\u011bstnavateli na jeho lidech, nem\u011bly by na m\u00edstech, kam i c\u00edsa\u0159 p\u00e1n chodil p\u011b\u0161ky, chyb\u011bt ani praktick\u00e9 z\u00e1sobn\u00edky na hygienick\u00e9 s\u00e1\u010dky, je\u017e pom\u00e1haj\u00ed udr\u017eovat \u010distotu a hygienu a mohou potenci\u00e1ln\u011b dokonce zabr\u00e1nit i \u0161\u00ed\u0159en\u00ed r\u016fzn\u00fdch typ\u016f chorob. V tomto p\u0159\u00edpad\u011b se jedn\u00e1 o v podstat\u011b zanedbatelnou investici, je\u017e ale m\u016f\u017ee m\u00edt i nemal\u00fd vliv na spokojenost lid\u00ed, kte\u0159\u00ed toto za\u0159\u00edzen\u00ed vyu\u017e\u00edvaj\u00ed.&#13; &#13; A kdy\u017e u\u017e se zam\u011bstnavatel rozhodne usnadnit sv\u00fdm zam\u011bstnanc\u016fm \u017eivot zde a t\u00edmto zp\u016fsobem, mo\u017en\u00e1 neu\u0161kod\u00ed, kdy\u017e se neomez\u00ed jenom a pouze na soci\u00e1ln\u00ed za\u0159\u00edzen\u00ed. Proto\u017ee v takov\u00e9m podniku je daleko v\u00edce m\u00edst a v\u011bc\u00ed, jimi\u017e lze lidem zp\u0159\u00edjemnit pobyt v nich. Tam, kde sice pracuj\u00ed, ale mus\u00ed i tak trochu \u017e\u00edt.&#13; &#13; &#13; A tak by takov\u00fd majitel firmy nem\u011bl zapomenout ani na dal\u0161\u00ed vybaven\u00ed do z\u00e1zem\u00ed pro sv\u00e9 zam\u011bstnance. Kv\u016fli \u010demu\u017e se rovn\u011b\u017e nemus\u00ed zase a\u017e tak moc pl\u00e1cnout p\u0159es kapsu. N\u011bkam se hod\u00ed t\u0159eba drobn\u011bj\u0161\u00ed p\u0159\u00edslu\u0161enstv\u00ed, jinam i vysloven\u011b kvalitn\u00ed prostorn\u00fd n\u00e1bytek, t\u0159eba vysoce odoln\u00e9 plechov\u00e9 sk\u0159\u00edn\u011b, pevn\u00e9 a odoln\u00e9 \u0161atn\u00ed sk\u0159\u00ed\u0148ky i kartot\u00e9ky a dal\u0161\u00ed.&#13; &#13; A kdy\u017e se mohou zam\u011bstnanci n\u011bkde p\u0159evl\u00e9ci a n\u011bkam si odsko\u010dit, jsou logicky nejen spokojen\u011bj\u0161\u00ed, ale i produktivn\u011bj\u0161\u00ed. Proto\u017ee r\u016fzn\u00e9 pot\u0159eby, zejm\u00e9na ta mal\u00e1 a velk\u00e1, nejednou nedaj\u00ed v klidu pracovat. Co\u017e u\u017e jist\u011b n\u011bkdy za\u017eil ka\u017ed\u00fd, kdo nem\u011bl kam si odsko\u010dit.&#13;                                                                                                                                                                                                                                                                                                                                                                                         4.2\/5 - (4 votes)        "},{"@context":"https:\/\/schema.org\/","@type":"BreadcrumbList","itemListElement":[{"@type":"ListItem","position":1,"name":"Abychom mohli b\u00fdt v pr\u00e1ci v klidu","item":"https:\/\/www.silvano.cz\/abychom-mohli-byt-v-praci-v-klidu\/#breadcrumbitem"}]}]